{"id":34,"date":"2024-02-12T12:25:00","date_gmt":"2024-02-12T10:25:00","guid":{"rendered":"http:\/\/www.feuerwehr-aufhausen.info\/?p=34"},"modified":"2024-05-10T09:19:52","modified_gmt":"2024-05-10T07:19:52","slug":"leistungsprufung","status":"publish","type":"post","link":"https:\/\/www.feuerwehr-aufhausen.info\/?p=34","title":{"rendered":"Termine 2024"},"content":{"rendered":"<table width=\"662\">\n<tbody>\n<tr>\n<td width=\"65\">05.02.<\/td>\n<td width=\"65\">19:00<\/td>\n<td width=\"358\">UVV-Schulung<\/td>\n<\/tr>\n<tr>\n<td width=\"65\">25.03.<\/td>\n<td width=\"65\">18:30&nbsp;<\/td>\n<td width=\"358\">\u00dcbung na\u00df<\/td>\n<\/tr>\n<tr>\n<td width=\"65\">23.04.<\/td>\n<td width=\"65\">17:00<\/td>\n<td width=\"358\">Fire-Kids<\/td>\n<\/tr>\n<tr>\n<td width=\"65\">29.04.<\/td>\n<td width=\"65\">18:30<\/td>\n<td width=\"358\">Systemtrenner, Anleitern<\/td>\n<\/tr>\n<tr>\n<td width=\"65\">07.05.<\/td>\n<td width=\"65\">17:00<\/td>\n<td width=\"358\">Fire-Kids<\/td>\n<\/tr>\n<tr>\n<td width=\"65\">15.05.<\/td>\n<td width=\"65\">17:30<\/td>\n<td width=\"358\">\u00dcbung Jugendgruppe<\/td>\n<\/tr>\n<tr>\n<td width=\"65\">21.05.<\/td>\n<td width=\"65\">17:00<\/td>\n<td width=\"358\">Firekids<\/td>\n<\/tr>\n<tr>\n<td width=\"65\">27.05.<\/td>\n<td width=\"65\">19:00&nbsp;<\/td>\n<td width=\"358\">Schmutzwassertauchpumpe, Na\u00dfsauger<\/td>\n<\/tr>\n<tr>\n<td width=\"65\">12.06<\/td>\n<td width=\"65\">17:30<\/td>\n<td width=\"358\">\u00dcbung Jugendgruppe<\/td>\n<\/tr>\n<tr>\n<td width=\"65\">18.06.<\/td>\n<td width=\"65\">17:00<\/td>\n<td width=\"358\">Fire-Kids<\/td>\n<\/tr>\n<tr>\n<td width=\"65\">24.06.<\/td>\n<td width=\"65\">19:00&nbsp;<\/td>\n<td width=\"358\">\u00dcbung na\u00df<\/td>\n<\/tr>\n<tr>\n<td width=\"65\">26.06.<\/td>\n<td width=\"65\">17:30<\/td>\n<td width=\"358\">\u00dcbung Jugendgruppe<\/td>\n<\/tr>\n<tr>\n<td width=\"65\">29.07.<\/td>\n<td width=\"65\">19:00<\/td>\n<td width=\"358\">interne Funk\u00fcbung<\/td>\n<\/tr>\n<tr>\n<td width=\"65\">30.07.<\/td>\n<td width=\"65\">17:00<\/td>\n<td width=\"358\">Fire-Kids<\/td>\n<\/tr>\n<tr>\n<td width=\"65\">26.08.<\/td>\n<td width=\"65\">19:00&nbsp;<\/td>\n<td width=\"358\">Verkehrsunfall<\/td>\n<\/tr>\n<tr>\n<td width=\"65\">03.09.<\/td>\n<td width=\"65\">17:00<\/td>\n<td width=\"358\">Fire-Kids<\/td>\n<\/tr>\n<tr>\n<td width=\"65\">17.09.<\/td>\n<td width=\"65\">17:00<\/td>\n<td width=\"358\">Fire-Kids<\/td>\n<\/tr>\n<tr>\n<td width=\"65\">30.09.<\/td>\n<td width=\"65\">18:00<\/td>\n<td width=\"358\">BMA Baywa<\/td>\n<\/tr>\n<tr>\n<td width=\"65\">1.10.<\/td>\n<td width=\"65\">17:00<\/td>\n<td width=\"358\">Fire-Kids<\/td>\n<\/tr>\n<tr>\n<td width=\"65\">12.10.<\/td>\n<td width=\"65\">14:30<\/td>\n<td width=\"358\">Kinder-Leistungspr\u00fcfung \u201eKinderflamme\u201c<\/td>\n<\/tr>\n<tr>\n<td width=\"65\">15.10.<\/td>\n<td width=\"65\">17:00<\/td>\n<td width=\"358\">Fire-Kids<\/td>\n<\/tr>\n<tr>\n<td width=\"65\">28.10.<\/td>\n<td width=\"65\">18:00&nbsp;<\/td>\n<td width=\"358\">Pumpenschinder\u00fcbung<\/td>\n<\/tr>\n<tr>\n<td width=\"65\">16.11.<\/td>\n<td width=\"65\">18:00<\/td>\n<td width=\"358\">Jahreshauptversammlung<\/td>\n<\/tr>\n<tr>\n<td width=\"65\">23.11.<\/td>\n<td width=\"65\">18:00&nbsp;<\/td>\n<td width=\"358\">Abschluss\u00fcbung mit Einwintern<\/td>\n<\/tr>\n<\/tbody>\n<\/table>\n<p>30.11.&nbsp; &nbsp; &nbsp; &nbsp; &nbsp; &nbsp; 16:00&nbsp; &nbsp; &nbsp; &nbsp; &nbsp; &nbsp; Feier in den Advent<\/p>\n","protected":false},"excerpt":{"rendered":"<p>05.02. 19:00 UVV-Schulung 25.03. 18:30&nbsp; \u00dcbung na\u00df 23.04. 17:00 Fire-Kids 29.04. 18:30 Systemtrenner, Anleitern 07.05. 17:00 Fire-Kids 15.05. 17:30 \u00dcbung Jugendgruppe 21.05. 17:00 Firekids 27.05. 19:00&nbsp; Schmutzwassertauchpumpe, Na\u00dfsauger 12.06 17:30 \u00dcbung Jugendgruppe 18.06. 17:00 Fire-Kids 24.06. 19:00&nbsp; \u00dcbung na\u00df 26.06. &hellip; <a href=\"https:\/\/www.feuerwehr-aufhausen.info\/?p=34\">Weiterlesen <span class=\"meta-nav\">&rarr;<\/span><\/a><\/p>\n","protected":false},"author":1,"featured_media":0,"comment_status":"open","ping_status":"open","sticky":false,"template":"","format":"standard","meta":{"ngg_post_thumbnail":0,"jetpack_post_was_ever_published":false,"_jetpack_newsletter_access":"","_jetpack_dont_email_post_to_subs":false,"_jetpack_newsletter_tier_id":0,"_jetpack_memberships_contains_paywalled_content":false,"_jetpack_memberships_contains_paid_content":false,"footnotes":"","jetpack_publicize_message":"","jetpack_publicize_feature_enabled":true,"jetpack_social_post_already_shared":false,"jetpack_social_options":{"image_generator_settings":{"template":"highway","default_image_id":0,"font":"","enabled":false},"version":2}},"categories":[2],"tags":[],"class_list":["post-34","post","type-post","status-publish","format-standard","hentry","category-termine"],"jetpack_publicize_connections":[],"jetpack_featured_media_url":"","jetpack_sharing_enabled":true,"jetpack_shortlink":"https:\/\/wp.me\/parS1k-y","jetpack-related-posts":[{"id":3530,"url":"https:\/\/www.feuerwehr-aufhausen.info\/?p=3530","url_meta":{"origin":34,"position":0},"title":"\u00dcbung der Jugendgruppe","author":"Markus Renner","date":"13. Mai 2024","format":false,"excerpt":"Die Jugendgruppe trifft sich am Mittwoch, den 15.05.2024 um 17:30 Uhr zu einer \u00dcbung am Ger\u00e4tehaus.Neuzug\u00e4nge von 12-17 Jahre sind willkommen. Gerne auch nur unverbindlich mal \"reinzuschnuppern\". Hier gibts unseren Info-Flyer f\u00fcr die Jugend.","rel":"","context":"In &quot;Allgemein&quot;","block_context":{"text":"Allgemein","link":"https:\/\/www.feuerwehr-aufhausen.info\/?cat=1"},"img":{"alt_text":"","src":"","width":0,"height":0},"classes":[]},{"id":2310,"url":"https:\/\/www.feuerwehr-aufhausen.info\/?p=2310","url_meta":{"origin":34,"position":1},"title":"Firmlinge eingeladen","author":"Markus Renner","date":"10. Mai 2017","format":false,"excerpt":"Am Samstag, den 06.05.17 \u00fcberraschte die Feuerwehr Aufhausen, die Firmlinge vor ihrem Radausflug. Die 1. Vorsitzende Gabriele Renner und Hauptfeuerwehrfrau Elisabeth Dullinger \u00fcberreichten, jedem Firmling aus Aufhausen, je einen kleinen Grisu, als Gru\u00df von der Feuerwehr. Damit verbunden erfolgte eine Einladung der Jugendgruppe beizutreten. \u00a0Die Vorsitzende meinte an die Firmlinge\u2026","rel":"","context":"In &quot;Allgemein&quot;","block_context":{"text":"Allgemein","link":"https:\/\/www.feuerwehr-aufhausen.info\/?cat=1"},"img":{"alt_text":"IMG_5920","src":"https:\/\/i0.wp.com\/www.feuerwehr-aufhausen.info\/wp-content\/uploads\/2017\/05\/IMG_5920.jpg?resize=350%2C200","width":350,"height":200,"srcset":"https:\/\/i0.wp.com\/www.feuerwehr-aufhausen.info\/wp-content\/uploads\/2017\/05\/IMG_5920.jpg?resize=350%2C200 1x, https:\/\/i0.wp.com\/www.feuerwehr-aufhausen.info\/wp-content\/uploads\/2017\/05\/IMG_5920.jpg?resize=525%2C300 1.5x, https:\/\/i0.wp.com\/www.feuerwehr-aufhausen.info\/wp-content\/uploads\/2017\/05\/IMG_5920.jpg?resize=700%2C400 2x, https:\/\/i0.wp.com\/www.feuerwehr-aufhausen.info\/wp-content\/uploads\/2017\/05\/IMG_5920.jpg?resize=1050%2C600 3x, https:\/\/i0.wp.com\/www.feuerwehr-aufhausen.info\/wp-content\/uploads\/2017\/05\/IMG_5920.jpg?resize=1400%2C800 4x"},"classes":[]},{"id":2632,"url":"https:\/\/www.feuerwehr-aufhausen.info\/?p=2632","url_meta":{"origin":34,"position":2},"title":"\u00dcbung der Fire-Kids","author":"Markus Renner","date":"14. Mai 2018","format":false,"excerpt":"Der Nachwuchs der Aufhausener Feuerwehr, die\u00a0\u201eFire-Kids\u201c starteten am Mittwoch den 09.05.18 wieder in die Vorbereitung. Zweiter Kommandant Hannes Karg konnte zusammen mit\u00a0Hauptfeuerwehrfrau Elisabeth Dullinger hier einige Kinder im\u00a0FFW-Ger\u00e4tehaus begr\u00fc\u00dfen. Mit vor Ort waren auch die 1. Vorsitzende\u00a0Gabriele Renner und 1. Kommandant Markus Renner. Nachdem\u00a0sich die F\u00fchrungsgrade den Buben und M\u00e4dchen\u2026","rel":"","context":"In &quot;Allgemein&quot;","block_context":{"text":"Allgemein","link":"https:\/\/www.feuerwehr-aufhausen.info\/?cat=1"},"img":{"alt_text":"DSC01114","src":"https:\/\/i0.wp.com\/www.feuerwehr-aufhausen.info\/wp-content\/uploads\/2018\/05\/DSC01114.jpg?resize=350%2C200","width":350,"height":200,"srcset":"https:\/\/i0.wp.com\/www.feuerwehr-aufhausen.info\/wp-content\/uploads\/2018\/05\/DSC01114.jpg?resize=350%2C200 1x, https:\/\/i0.wp.com\/www.feuerwehr-aufhausen.info\/wp-content\/uploads\/2018\/05\/DSC01114.jpg?resize=525%2C300 1.5x, https:\/\/i0.wp.com\/www.feuerwehr-aufhausen.info\/wp-content\/uploads\/2018\/05\/DSC01114.jpg?resize=700%2C400 2x, https:\/\/i0.wp.com\/www.feuerwehr-aufhausen.info\/wp-content\/uploads\/2018\/05\/DSC01114.jpg?resize=1050%2C600 3x, https:\/\/i0.wp.com\/www.feuerwehr-aufhausen.info\/wp-content\/uploads\/2018\/05\/DSC01114.jpg?resize=1400%2C800 4x"},"classes":[]},{"id":3500,"url":"https:\/\/www.feuerwehr-aufhausen.info\/?p=3500","url_meta":{"origin":34,"position":3},"title":"Die Fire-Kids starten wieder","author":"Markus Renner","date":"17. April 2024","format":false,"excerpt":"Ab Dienstag, 23. April 2024 finden wieder die regelm\u00e4\u00dfigen Treffen der Fire-Kids im Ger\u00e4tehaus statt. Neuzug\u00e4nge ab 7 Jahren (oder 2. H\u00e4lfte der 1. Schulklasse) sind jederzeit willkommen. Die geplanten Termine sind wie folgt: Treffpunkt am Feuerwehrger\u00e4tehaus Aufhausen jeweils\u00a0\u00a0\u00a0\u00a0\u00a0\u00a0\u00a0\u00a0\u00a0\u00a0\u00a0\u00a0\u00a0\u00a0\u00a0\u00a0\u00a0\u00a0\u00a0\u00a0\u00a0\u00a0 von 17:00 - 18:30 Uhr Di. 26.03.2024Di. 23.04.2024Di 07.05.2024Di 21.05.2024Di 04.06.2024Di\u2026","rel":"","context":"In &quot;Allgemein&quot;","block_context":{"text":"Allgemein","link":"https:\/\/www.feuerwehr-aufhausen.info\/?cat=1"},"img":{"alt_text":"","src":"","width":0,"height":0},"classes":[]},{"id":745,"url":"https:\/\/www.feuerwehr-aufhausen.info\/?p=745","url_meta":{"origin":34,"position":4},"title":"\u00dcbung wird auf Donnerstag verschoben","author":"Markus Renner","date":"28. M\u00e4rz 2014","format":false,"excerpt":"Die f\u00fcr Mo. 31.03.14 angesetzte \u00dcbung wird auf Do. 03.04.14 18:30 Uhr verschoben!","rel":"","context":"In &quot;Allgemein&quot;","block_context":{"text":"Allgemein","link":"https:\/\/www.feuerwehr-aufhausen.info\/?cat=1"},"img":{"alt_text":"","src":"","width":0,"height":0},"classes":[]},{"id":3559,"url":"https:\/\/www.feuerwehr-aufhausen.info\/?p=3559","url_meta":{"origin":34,"position":5},"title":"Ausflug von Fire-Kids und Jugendgruppe","author":"Markus Renner","date":"10. September 2024","format":false,"excerpt":"Am Freitag, den 06. September 2024 trafen sich die Fire-Kids und die Jugendgruppe f\u00fcr den Ausflug in den Kletterpark nach Voglsam. Die Fire-Kids im Kletterpark Mit den Betreuern Elisabeth Dullinger, Thomas R\u00f6hrl, Gabriele Renner und Markus Renner ging es mit dem Auto kurz nach Mittag los. Nach der Anmeldung im\u2026","rel":"","context":"In &quot;Allgemein&quot;","block_context":{"text":"Allgemein","link":"https:\/\/www.feuerwehr-aufhausen.info\/?cat=1"},"img":{"alt_text":"","src":"https:\/\/i0.wp.com\/www.feuerwehr-aufhausen.info\/wp-content\/uploads\/2024\/09\/img_8786.jpg?resize=350%2C200&ssl=1","width":350,"height":200,"srcset":"https:\/\/i0.wp.com\/www.feuerwehr-aufhausen.info\/wp-content\/uploads\/2024\/09\/img_8786.jpg?resize=350%2C200&ssl=1 1x, https:\/\/i0.wp.com\/www.feuerwehr-aufhausen.info\/wp-content\/uploads\/2024\/09\/img_8786.jpg?resize=525%2C300&ssl=1 1.5x, https:\/\/i0.wp.com\/www.feuerwehr-aufhausen.info\/wp-content\/uploads\/2024\/09\/img_8786.jpg?resize=700%2C400&ssl=1 2x, https:\/\/i0.wp.com\/www.feuerwehr-aufhausen.info\/wp-content\/uploads\/2024\/09\/img_8786.jpg?resize=1050%2C600&ssl=1 3x, https:\/\/i0.wp.com\/www.feuerwehr-aufhausen.info\/wp-content\/uploads\/2024\/09\/img_8786.jpg?resize=1400%2C800&ssl=1 4x"},"classes":[]}],"_links":{"self":[{"href":"https:\/\/www.feuerwehr-aufhausen.info\/index.php?rest_route=\/wp\/v2\/posts\/34","targetHints":{"allow":["GET"]}}],"collection":[{"href":"https:\/\/www.feuerwehr-aufhausen.info\/index.php?rest_route=\/wp\/v2\/posts"}],"about":[{"href":"https:\/\/www.feuerwehr-aufhausen.info\/index.php?rest_route=\/wp\/v2\/types\/post"}],"author":[{"embeddable":true,"href":"https:\/\/www.feuerwehr-aufhausen.info\/index.php?rest_route=\/wp\/v2\/users\/1"}],"replies":[{"embeddable":true,"href":"https:\/\/www.feuerwehr-aufhausen.info\/index.php?rest_route=%2Fwp%2Fv2%2Fcomments&post=34"}],"version-history":[{"count":82,"href":"https:\/\/www.feuerwehr-aufhausen.info\/index.php?rest_route=\/wp\/v2\/posts\/34\/revisions"}],"predecessor-version":[{"id":3526,"href":"https:\/\/www.feuerwehr-aufhausen.info\/index.php?rest_route=\/wp\/v2\/posts\/34\/revisions\/3526"}],"wp:attachment":[{"href":"https:\/\/www.feuerwehr-aufhausen.info\/index.php?rest_route=%2Fwp%2Fv2%2Fmedia&parent=34"}],"wp:term":[{"taxonomy":"category","embeddable":true,"href":"https:\/\/www.feuerwehr-aufhausen.info\/index.php?rest_route=%2Fwp%2Fv2%2Fcategories&post=34"},{"taxonomy":"post_tag","embeddable":true,"href":"https:\/\/www.feuerwehr-aufhausen.info\/index.php?rest_route=%2Fwp%2Fv2%2Ftags&post=34"}],"curies":[{"name":"wp","href":"https:\/\/api.w.org\/{rel}","templated":true}]}}